[{"@context":"https:\/\/schema.org\/","@type":"Article","@id":"https:\/\/www.fodas.cz\/zdislava-z-lemberka\/#Article","mainEntityOfPage":"https:\/\/www.fodas.cz\/zdislava-z-lemberka\/","headline":"Zdislava z Lemberka","name":"Zdislava z Lemberka","description":"Zn\u00e1te dob\u0159e v\u00fdznamn\u00e9 \u017eeny \u010cesk\u00e9 minulosti? \u0158\u00edk\u00e1 V\u00e1m n\u011bco Zdislava z Lemberka? Lid\u00e9, kte\u0159\u00ed sv\u00e9ho \u010dasu vid\u011bli filmV erbu lvice, si mo\u017en\u00e1 p\u0159edstav\u00ed st\u0159edov\u011bkou \u0161lechti\u010dnu, kter\u00e1 byla skute\u010dn\u011b velmi u\u0161lechtil\u00e1. Katol\u00edci si vybav\u00ed sv\u011btici, kterou v devades\u00e1t\u00fdch letech kanonizoval tehdej\u0161\u00ed pape\u017e Jan Pavel II. Lid\u00e9 z Libereck\u00e9ho kraje si p\u0159edstav\u00ed ikonu kraje, kter\u00e1 pat\u0159\u00ed k [&hellip;]","datePublished":"2020-09-27","dateModified":"2023-05-09","author":{"@type":"Person","@id":"https:\/\/www.fodas.cz\/author\/#Person","name":"","url":"https:\/\/www.fodas.cz\/author\/","identifier":1,"image":{"@type":"ImageObject","@id":"https:\/\/secure.gravatar.com\/avatar\/33549a3bd69022b5544ec751c6f690d75868252394a5ec007d9ed3f2c30f7874?s=96&d=mm&r=g","url":"https:\/\/secure.gravatar.com\/avatar\/33549a3bd69022b5544ec751c6f690d75868252394a5ec007d9ed3f2c30f7874?s=96&d=mm&r=g","height":96,"width":96}},"publisher":{"@type":"Organization","name":"fodas.cz","logo":{"@type":"ImageObject","@id":"\/logo.png","url":"\/logo.png","width":600,"height":60}},"image":{"@type":"ImageObject","@id":"https:\/\/www.fodas.cz\/wp-content\/uploads\/img_a286456_w2171_t1496074581.jpg","url":"https:\/\/www.fodas.cz\/wp-content\/uploads\/img_a286456_w2171_t1496074581.jpg","height":0,"width":0},"url":"https:\/\/www.fodas.cz\/zdislava-z-lemberka\/","about":["Mu\u017ei"],"wordCount":413,"articleBody":"\tZn\u00e1te dob\u0159e v\u00fdznamn\u00e9 \u017eeny \u010cesk\u00e9 minulosti? \u0158\u00edk\u00e1 V\u00e1m n\u011bco Zdislava z Lemberka? Lid\u00e9, kte\u0159\u00ed sv\u00e9ho \u010dasu vid\u011bli filmV erbu lvice, si mo\u017en\u00e1 p\u0159edstav\u00ed st\u0159edov\u011bkou \u0161lechti\u010dnu, kter\u00e1 byla skute\u010dn\u011b velmi u\u0161lechtil\u00e1. Katol\u00edci si vybav\u00ed sv\u011btici, kterou v devades\u00e1t\u00fdch letech kanonizoval tehdej\u0161\u00ed pape\u017e Jan Pavel II. Lid\u00e9 z Libereck\u00e9ho kraje si p\u0159edstav\u00ed ikonu kraje, kter\u00e1 pat\u0159\u00ed k symbolu kraje a to i p\u0159esto, \u017ee se narodila skoro p\u0159ed osmi sty lety.\t\tZdislava z Lemberka(asi 1220 &ndash; 1252 se provdala za p\u0159edn\u00edho \u010desk\u00e9ho \u0161lechtice Havla z Lemberka bl\u00edzk\u00e9ho p\u0159\u00edtele V\u00e1clava I. Zdislava jako vzorn\u00e1 man\u017eelka porodila sv\u00e9mu mu\u017ei 4 d\u011bti a zalo\u017eila dva kl\u00e1\u0161tery a \u0161pit\u00e1l. To by nebylo a\u017e tak neobvykl\u00e9, to v\u0161e se od st\u0159edov\u011bk\u00fdch \u0161lechti\u010den \u010dekalo.V\u00fdznamn\u00e1 byla jej\u00ed dobro\u010dinnost. &nbsp;Proslula svou laskavost\u00ed a p\u00e9\u010di o bli\u017en\u00ed a nemocn\u00e9. Velkou inspirac\u00ed se j\u00ed stala Ane\u017eka \u010cesk\u00e1 a snad tak\u00e9 Kl\u00e1ra z Assisi. Zdislava ov\u0161em nejen pe\u010dovala o pot\u0159ebn\u00e9, ale tak\u00e9 vytv\u00e1\u0159ela nov\u00e9 p\u0159\u00edle\u017eitosti a \u0161ance.\t\tChud\u00fdm ned\u00e1vala almu\u017eny, ale nab\u00edzela jim tak\u00e9 pr\u00e1ci (kterou bychom dnes nazvali jako ve\u0159ejn\u011b prosp\u011b\u0161n\u00e9 \u010dinnosti). V\u011bd\u011bla, \u017ee almu\u017ena pon\u00ed\u017e\u00ed lidskou du\u0161i a pr\u00e1ce a zaslou\u017een\u00e1 odm\u011bna pozvedaj\u00ed d\u016fstojnost \u010dlov\u011bka a pozvedaj\u00ed jej obrazn\u011b \u0159e\u010deno z prachu. Bohu\u017eel jej\u00ed \u017eivot byl velmi kr\u00e1tk\u00fd.\t&nbsp;\tInspirace i pro sou\u010dasnou \u017eenuZdislava z Lemberka rozhodn\u011b nen\u00ed zastaral\u00e1 ikona, ale mohla by se i sou\u010dasn\u00fdm \u017een\u00e1m st\u00e1t vzorem a inspirac\u00ed. V \u010dem?1.&nbsp;&nbsp;&nbsp;&nbsp;&nbsp; Ob\u010dansk\u00e9 uv\u011bdom\u011bn\u00edekonomicky dob\u0159e situovan\u00fdch lid\u00ed2.&nbsp;&nbsp;&nbsp;&nbsp;&nbsp; \u017dena m\u00e1 v prv\u00e9 \u0159ad\u011b svou rodinu, ale m\u011bla by akceptovat i \u0161ir\u0161\u00ed zodpov\u011bdnost za blaho sv\u00fdch bli\u017en\u00edch3.&nbsp;&nbsp;&nbsp;&nbsp;&nbsp; D\u00e1t almu\u017enu nen\u00ed a\u017e tak z\u00e1slu\u017en\u00e9,d\u016fle\u017eit\u00e9 je d\u00e1t p\u0159edev\u0161\u00edm p\u0159\u00edle\u017eitost &nbsp;4.&nbsp;&nbsp;&nbsp;&nbsp;&nbsp; Aktivn\u00ed ob\u010dansk\u00fd p\u0159\u00edstup v oblasti \u010di regionu. M\u016f\u017eu m\u00edt pocit, \u017ee v m\u00e9m okrese nebo kraji nen\u00ed v\u0161e optim\u00e1ln\u00ed, ale mohu to zm\u011bnit mal\u00fdmi skutky.                                                                                                                                                                                                                                                                                                                                                                                        4.5\/5 - (4 votes)        "},{"@context":"https:\/\/schema.org\/","@type":"BreadcrumbList","itemListElement":[{"@type":"ListItem","position":1,"name":"Zdislava z Lemberka","item":"https:\/\/www.fodas.cz\/zdislava-z-lemberka\/#breadcrumbitem"}]}]