[{"@context":"https:\/\/schema.org\/","@type":"Article","@id":"https:\/\/www.fodas.cz\/trebonsko-raj-pro-cyklisty-a-vodaky\/#Article","mainEntityOfPage":"https:\/\/www.fodas.cz\/trebonsko-raj-pro-cyklisty-a-vodaky\/","headline":"T\u0159ebo\u0148sko \u2013 r\u00e1j pro cyklisty a vod\u00e1ky","name":"T\u0159ebo\u0148sko \u2013 r\u00e1j pro cyklisty a vod\u00e1ky","description":"T\u0159ebo\u0148sk\u00e1 p\u00e1nev pr\u00e1vem pat\u0159\u00ed k\u00a0na\u0161im nejzaj\u00edmav\u011bj\u0161\u00edm p\u0159\u00edrodn\u00edm bohatstv\u00edm, jejich\u017e kouzla l\u00e1kaj\u00ed ka\u017edoro\u010dn\u011b tis\u00edce n\u00e1v\u0161t\u011bvn\u00edk\u016f. Vyzna\u010duje se jist\u00fdmi specifiky, kter\u00e1 nikde na sv\u011bt\u011b neexistuj\u00ed. Poj\u010fme si je v\u00a0kr\u00e1tkosti vyjmenovat: Hust\u00e1 s\u00ed\u0165 um\u011bl\u00fdch stok \u2013 V\u00a0\u0161estn\u00e1ct\u00e9m stolet\u00ed pat\u0159ilo T\u0159ebo\u0148sko Ro\u017emberk\u016fm a ti na sv\u00e9m panstv\u00ed zam\u011bstn\u00e1vali rybn\u00edk\u00e1\u0159e \u0160t\u011bp\u00e1nka Netolick\u00e9ho a Jakuba Kr\u010d\u00edna z\u00a0Jel\u010dan a Sedl\u010dan. Rybn\u00edk\u00e1\u0159i tu [&hellip;]","datePublished":"2021-12-11","dateModified":"2023-05-09","author":{"@type":"Person","@id":"https:\/\/www.fodas.cz\/author\/#Person","name":"","url":"https:\/\/www.fodas.cz\/author\/","identifier":1,"image":{"@type":"ImageObject","@id":"https:\/\/secure.gravatar.com\/avatar\/33549a3bd69022b5544ec751c6f690d75868252394a5ec007d9ed3f2c30f7874?s=96&d=mm&r=g","url":"https:\/\/secure.gravatar.com\/avatar\/33549a3bd69022b5544ec751c6f690d75868252394a5ec007d9ed3f2c30f7874?s=96&d=mm&r=g","height":96,"width":96}},"publisher":{"@type":"Organization","name":"fodas.cz","logo":{"@type":"ImageObject","@id":"\/logo.png","url":"\/logo.png","width":600,"height":60}},"image":{"@type":"ImageObject","@id":"https:\/\/www.fodas.cz\/wp-content\/uploads\/autumn-landscape-6773527_640_1.jpg","url":"https:\/\/www.fodas.cz\/wp-content\/uploads\/autumn-landscape-6773527_640_1.jpg","height":0,"width":0},"url":"https:\/\/www.fodas.cz\/trebonsko-raj-pro-cyklisty-a-vodaky\/","about":["Cestov\u00e1n\u00ed"],"wordCount":439,"articleBody":"T\u0159ebo\u0148sk\u00e1 p\u00e1nev pr\u00e1vem pat\u0159\u00ed k\u00a0na\u0161im nejzaj\u00edmav\u011bj\u0161\u00edm p\u0159\u00edrodn\u00edm bohatstv\u00edm, jejich\u017e kouzla l\u00e1kaj\u00ed ka\u017edoro\u010dn\u011b tis\u00edce n\u00e1v\u0161t\u011bvn\u00edk\u016f. Vyzna\u010duje se jist\u00fdmi specifiky, kter\u00e1 nikde na sv\u011bt\u011b neexistuj\u00ed. Poj\u010fme si je v\u00a0kr\u00e1tkosti vyjmenovat:Hust\u00e1 s\u00ed\u0165 um\u011bl\u00fdch stok \u2013 V\u00a0\u0161estn\u00e1ct\u00e9m stolet\u00ed pat\u0159ilo T\u0159ebo\u0148sko Ro\u017emberk\u016fm a ti na sv\u00e9m panstv\u00ed zam\u011bstn\u00e1vali rybn\u00edk\u00e1\u0159e \u0160t\u011bp\u00e1nka Netolick\u00e9ho a Jakuba Kr\u010d\u00edna z\u00a0Jel\u010dan a Sedl\u010dan. Rybn\u00edk\u00e1\u0159i tu za\u010dali budovat velmi hustou s\u00ed\u0165 nap\u00e1jec\u00edch stok, kter\u00e9 odv\u00e1d\u011bly \u0159\u00ed\u010dn\u00ed vodu z\u00a0\u0159eky Lu\u017enice a z\u00e1sobovaly vodou nov\u011b vznikaj\u00edc\u00ed rybn\u00edky. Stoky jsou dnes \u010d\u00e1ste\u010dn\u011b zarostl\u00e9 a staly se neodmyslitelnou sou\u010d\u00e1st\u00ed tamn\u00ed krajiny.Rybni\u010dn\u00ed kr\u00e1lovstv\u00ed \u2013 st\u011b\u017e\u00ed byste na\u0161li jinde v\u00a0Evrop\u011b tolik rybn\u00edk\u016f na relativn\u011b mal\u00e9 plo\u0161e, jako pr\u00e1v\u011b zde. Je to doslova rybni\u010dn\u00ed kr\u00e1lovstv\u00ed a v\u00a0l\u00e9t\u011b za slune\u010dn\u00e9ho po\u010das\u00ed je tato krajina mimo\u0159\u00e1dn\u011b zaj\u00edmav\u00e1.\u0158eka Lu\u017enice \u2013 Lu\u017enici znaj\u00ed p\u0159edev\u0161\u00edm vod\u00e1ci, ale i p\u011b\u0161\u00ed turist\u00e9, kte\u0159\u00ed tu obdivuj\u00ed p\u0159\u00edrodn\u00ed rezervaci horn\u00edho toku s\u00a0mnoha meandry a zalesn\u011bn\u00fdmi \u00faseky. Nejzaj\u00edmav\u011bj\u0161\u00ed je Star\u00e1 \u0159eka \u2013 p\u016fvodn\u00ed \u0159\u00ed\u010dn\u00ed koryto, zarostl\u00e9 pralesn\u00ed vegetac\u00ed, ov\u0161em s\u00a0velmi p\u016fsobiv\u00fdm p\u00edse\u010dn\u00fdm dnem. Jemn\u00fd p\u00edsek si tu vychutn\u00e1te zejm\u00e9na na bos\u00e1 chodidla, a to nejen v\u00a0samotn\u00e9 Lu\u017enici, n\u00fdbr\u017e i v\u00a0p\u0159ilehl\u00fdch zatopen\u00fdch p\u00edskovn\u00e1ch, kter\u00e9 jsou poz\u016fstatkem po t\u011b\u017eb\u011b p\u00edsku.Vy\u0161\u0161\u00ed vlhkost vzduchu \u2013 d\u00edky obrovsk\u00e9 vodn\u00ed plo\u0161e se tu odpa\u0159uje v\u00edce vody, ne\u017e v\u00a0jin\u00fdch \u010d\u00e1stech republiky, a vy\u0161\u0161\u00ed vlhkost je pro tamn\u00ed krajinu skute\u010dn\u00fdm po\u017eehn\u00e1n\u00edm. M\u00e1 pozitivn\u00ed vliv na celkov\u00e9 klima Ji\u017en\u00edch \u010cech i sousedn\u00edch oblast\u00ed Novohradsk\u00fdch hor, \u0160umavy, T\u00e1borska, \u010ceskobud\u011bjovicka, \u010ceskokrumlovska a \u010ceskomoravsk\u00e9 vrchoviny.Historick\u00e9 pam\u00e1tky \u2013 na T\u0159ebo\u0148sku lze nav\u0161t\u00edvit pam\u011btihodnosti p\u0159ev\u00e1\u017en\u011b z\u00a0doby renesance, kdy tu vzkv\u00e9talo rybn\u00edk\u00e1\u0159stv\u00ed, nam\u00e1tkou m\u016f\u017eeme jmenovat z\u00e1mek T\u0159ebo\u0148, Schwarzenberskou hrobku, stavidla hr\u00e1ze nejv\u011bt\u0161\u00edho rybn\u00edka v\u00a0\u010cesk\u00e9 republice s\u00a0n\u00e1zvem Ro\u017emberk, Ro\u017emberskou ba\u0161tu, vyhl\u00eddkovou v\u011b\u017e radnice na Masarykov\u011b n\u00e1m\u011bst\u00ed v\u00a0T\u0159eboni, z\u00e1mek ve Str\u00e1\u017ei nad Ne\u017e\u00e1rkou \u010di z\u00e1mek v\u00a0Jind\u0159ichov\u011b Hradci.                                                                                                                                                                                                                                                                                                                                                                                        4.6\/5 - (8 votes)        "},{"@context":"https:\/\/schema.org\/","@type":"BreadcrumbList","itemListElement":[{"@type":"ListItem","position":1,"name":"T\u0159ebo\u0148sko \u2013 r\u00e1j pro cyklisty a vod\u00e1ky","item":"https:\/\/www.fodas.cz\/trebonsko-raj-pro-cyklisty-a-vodaky\/#breadcrumbitem"}]}]