[{"@context":"https:\/\/schema.org\/","@type":"Article","@id":"https:\/\/www.fodas.cz\/skrine-do-kterych-se-vleze-vse\/#Article","mainEntityOfPage":"https:\/\/www.fodas.cz\/skrine-do-kterych-se-vleze-vse\/","headline":"Sk\u0159\u00edn\u011b, do kter\u00fdch se vleze v\u0161e","name":"Sk\u0159\u00edn\u011b, do kter\u00fdch se vleze v\u0161e","description":"Speci\u00e1ln\u011b pro V\u00e1s tvo\u0159\u00edme n\u00e1vrhy a d\u011bl\u00e1me vestav\u011bn\u00fd n\u00e1bytek na m\u00edru. Na\u0161i architekti se zam\u011b\u0159uj\u00ed na velmi \u017e\u00e1dan\u00e9 klasick\u00e9 a atypick\u00e9 sestavy do lo\u017enic, ob\u00fdvac\u00edch pokoj\u016f \u010di pracovn\u00edch kout\u016f. Vestav\u011bn\u00e9 sk\u0159\u00edn\u011b jsou dnes nepostradatelnou sou\u010d\u00e1st\u00ed interi\u00e9r\u016f. Materi\u00e1l sk\u0159\u00edn\u011b slad\u00edme s ostatn\u00edm n\u00e1bytkem nebo m\u016f\u017eeme r\u016fzn\u011b kombinovat, pom\u016f\u017eeme V\u00e1m s uspo\u0159\u00e1d\u00e1n\u00edm uvnit\u0159 \u00falo\u017en\u00e9ho prostoru. Pracovn\u00ed kout [&hellip;]","datePublished":"2025-01-10","dateModified":"2025-01-10","author":{"@type":"Person","@id":"https:\/\/www.fodas.cz\/author\/#Person","name":"","url":"https:\/\/www.fodas.cz\/author\/","identifier":1,"image":{"@type":"ImageObject","@id":"https:\/\/secure.gravatar.com\/avatar\/33549a3bd69022b5544ec751c6f690d75868252394a5ec007d9ed3f2c30f7874?s=96&d=mm&r=g","url":"https:\/\/secure.gravatar.com\/avatar\/33549a3bd69022b5544ec751c6f690d75868252394a5ec007d9ed3f2c30f7874?s=96&d=mm&r=g","height":96,"width":96}},"publisher":{"@type":"Organization","name":"fodas.cz","logo":{"@type":"ImageObject","@id":"\/logo.png","url":"\/logo.png","width":600,"height":60}},"url":"https:\/\/www.fodas.cz\/skrine-do-kterych-se-vleze-vse\/","wordCount":175,"articleBody":" Speci\u00e1ln\u011b pro V\u00e1s tvo\u0159\u00edme n\u00e1vrhy a d\u011bl\u00e1me vestav\u011bn\u00fd n\u00e1bytek na m\u00edru. Na\u0161i architekti se zam\u011b\u0159uj\u00ed na velmi \u017e\u00e1dan\u00e9 klasick\u00e9 a atypick\u00e9 sestavy do lo\u017enic, ob\u00fdvac\u00edch pokoj\u016f \u010di pracovn\u00edch kout\u016f. Vestav\u011bn\u00e9 sk\u0159\u00edn\u011b jsou dnes nepostradatelnou sou\u010d\u00e1st\u00ed interi\u00e9r\u016f. Materi\u00e1l sk\u0159\u00edn\u011b slad\u00edme s ostatn\u00edm n\u00e1bytkem nebo m\u016f\u017eeme r\u016fzn\u011b kombinovat, pom\u016f\u017eeme V\u00e1m s uspo\u0159\u00e1d\u00e1n\u00edm uvnit\u0159 \u00falo\u017en\u00e9ho prostoru. Pracovn\u00ed kout nebo \u0161atna v na\u0161\u00ed re\u017eii je pro V\u00e1s velkou v\u00fdhodou, u\u0161et\u0159\u00edte \u010das i pen\u00edze obch\u00e1zen\u00edm obchod\u016f. Z\u00e1ruka a n\u00edzk\u00e1 cena Sna\u017e\u00edme se o maxim\u00e1ln\u011b profesion\u00e1ln\u00ed p\u0159\u00edstup. Pracujeme s dostupn\u00fdmi kvalitn\u00edmi materi\u00e1ly nebo\u0165 si zakl\u00e1d\u00e1me na garanci. Poskytneme V\u00e1m z\u00e1ru\u010dn\u00ed a poz\u00e1ru\u010dn\u00ed \u00fapravy za rozumn\u00e9 n\u00e1klady. Grafick\u00fd n\u00e1vrh sk\u0159\u00edn\u011b je sou\u010d\u00e1st\u00ed objedn\u00e1vky, je to spolupr\u00e1ce s V\u00e1mi.                                                                                                                                                                                                                                                                                                                                                                                                "},{"@context":"https:\/\/schema.org\/","@type":"BreadcrumbList","itemListElement":[{"@type":"ListItem","position":1,"name":"Sk\u0159\u00edn\u011b, do kter\u00fdch se vleze v\u0161e","item":"https:\/\/www.fodas.cz\/skrine-do-kterych-se-vleze-vse\/#breadcrumbitem"}]}]