[{"@context":"https:\/\/schema.org\/","@type":"Article","@id":"https:\/\/www.fodas.cz\/poridit-si-byt-nebo-dum-ve-velke-ci-male-aglomeraci-prinasime-vam-srovnani\/#Article","mainEntityOfPage":"https:\/\/www.fodas.cz\/poridit-si-byt-nebo-dum-ve-velke-ci-male-aglomeraci-prinasime-vam-srovnani\/","headline":"Po\u0159\u00eddit si byt (nebo d\u016fm) ve velk\u00e9 \u010di mal\u00e9 aglomeraci? P\u0159in\u00e1\u0161\u00edme V\u00e1m srovn\u00e1n\u00ed!","name":"Po\u0159\u00eddit si byt (nebo d\u016fm) ve velk\u00e9 \u010di mal\u00e9 aglomeraci? P\u0159in\u00e1\u0161\u00edme V\u00e1m srovn\u00e1n\u00ed!","description":"P\u0159i takov\u00e9mto druhu v\u00fdb\u011bru to m\u016f\u017ee b\u00fdt dilema, kter\u00e9 ovliv\u0148uje mnoho faktor\u016f. Je dobr\u00e9 si tyto faktory rozebrat, jeden po druh\u00e9mUrbaniza\u010dn\u00ed koeficient\u00a0\u00a0\u00a0\u00a0\u00a0\u00a0\u00a0\u00a0\u00a0 Ne\u017e se pust\u00edme do podrobn\u011bj\u0161\u00edho rozeb\u00edr\u00e1n\u00ed, je nutn\u00e9 rozebrat pr\u00e1v\u011b urbaniza\u010dn\u00ed koeficient. Ten popisu, \u017ee p\u0159i zdvojn\u00e1soben\u00ed obyvatel ur\u010dit\u00e9 aglomerace, n\u00e1sledn\u011b v\u00a0dan\u00e9 aglomeraci se po\u010det slu\u017eeb zv\u00fd\u0161\u00ed o patn\u00e1ct procent. Co\u017e znamen\u00e1, \u017ee [&hellip;]","datePublished":"2025-12-01","dateModified":"2025-12-01","author":{"@type":"Person","@id":"https:\/\/www.fodas.cz\/author\/#Person","name":"","url":"https:\/\/www.fodas.cz\/author\/","identifier":1,"image":{"@type":"ImageObject","@id":"https:\/\/secure.gravatar.com\/avatar\/33549a3bd69022b5544ec751c6f690d75868252394a5ec007d9ed3f2c30f7874?s=96&d=mm&r=g","url":"https:\/\/secure.gravatar.com\/avatar\/33549a3bd69022b5544ec751c6f690d75868252394a5ec007d9ed3f2c30f7874?s=96&d=mm&r=g","height":96,"width":96}},"publisher":{"@type":"Organization","name":"fodas.cz","logo":{"@type":"ImageObject","@id":"\/logo.png","url":"\/logo.png","width":600,"height":60}},"image":{"@type":"ImageObject","@id":"https:\/\/www.fodas.cz\/wp-content\/uploads\/img_a319853_w2568_t1530993312.jpg","url":"https:\/\/www.fodas.cz\/wp-content\/uploads\/img_a319853_w2568_t1530993312.jpg","height":0,"width":0},"url":"https:\/\/www.fodas.cz\/poridit-si-byt-nebo-dum-ve-velke-ci-male-aglomeraci-prinasime-vam-srovnani\/","wordCount":454,"articleBody":"P\u0159i takov\u00e9mto druhu v\u00fdb\u011bru to m\u016f\u017ee b\u00fdt dilema, kter\u00e9 ovliv\u0148uje mnoho faktor\u016f. Je dobr\u00e9 si tyto faktory rozebrat, jeden po druh\u00e9mUrbaniza\u010dn\u00ed koeficient\u00a0\u00a0\u00a0\u00a0\u00a0\u00a0\u00a0\u00a0\u00a0 Ne\u017e se pust\u00edme do podrobn\u011bj\u0161\u00edho rozeb\u00edr\u00e1n\u00ed, je nutn\u00e9 rozebrat pr\u00e1v\u011b urbaniza\u010dn\u00ed koeficient. Ten popisu, \u017ee p\u0159i zdvojn\u00e1soben\u00ed obyvatel ur\u010dit\u00e9 aglomerace, n\u00e1sledn\u011b v\u00a0dan\u00e9 aglomeraci se po\u010det slu\u017eeb zv\u00fd\u0161\u00ed o patn\u00e1ct procent. Co\u017e znamen\u00e1, \u017ee v\u00a0dan\u00e9 aglomeraci je o patn\u00e1ct procent v\u00edce hospod, knihoven, kade\u0159nictv\u00ed, \u0161kol a tak d\u00e1le. \u010cili v\u0161echny slu\u017eby vyn\u00e1sob\u00edte \u010d\u00edslem 1,15. Co\u017e znamen\u00e1, \u017ee pokud chcete, aby byla dostupnost v\u0161ech slu\u017eeb ve va\u0161em okol\u00ed v\u00edc jak dvojn\u00e1sobn\u00e1 oproti nyn\u011bj\u0161\u00edmu stavu, mus\u00edte se p\u0159est\u011bhovat minim\u00e1ln\u011b do sedmin\u00e1sobn\u011b lidnat\u011bj\u0161\u00ed aglomerace.P\u0159\u00edrodaJeden z\u00a0nejv\u011bt\u0161\u00edch rozd\u00edl\u016f. V\u00a0mal\u00e9 aglomeraci je to jednoduch\u00e9. V\u00edce \u010di m\u00e9n\u011b v\u00a0p\u0159\u00edrod\u011b ji\u017e \u017eijete. Obecn\u011b v\u00a0obc\u00edch je \u010dist\u0161\u00ed a zdrav\u011bj\u0161\u00ed prost\u0159ed\u00ed k\u00a0\u017eit\u00ed. Zat\u00edmco ve velk\u00e9 aglomeraci to b\u00fdv\u00e1 naopak. V\u00a0m\u011bstech se p\u0159\u00edroda vyskytuje ve v\u011bt\u0161\u00ed m\u00ed\u0159e v\u00a0parc\u00edch. Ale ne u v\u0161ech m\u011bst plat\u00ed, \u017ee je to \u201ebetonov\u00e1 d\u017eungle\u201c. Jsou m\u011bsta pln\u00e1 zelen\u011b, kter\u00e1 p\u0159ekypuje \u017eivotem.DopravaPokud Va\u0161\u00ed malou aglomerac\u00ed neproch\u00e1z\u00ed \u017e\u00e1dn\u00e1 d\u016fle\u017eit\u00e1 komunikace, doprava by nemn\u011bla b\u00fdt z\u00e1vratn\u00e1 a hluk s\u00a0t\u00edm spojen\u00fd by m\u011bl b\u00fdt minim\u00e1ln\u00ed. Zat\u00edmco u velk\u00fdch aglomerac\u00ed plat\u00ed, \u017ee \u010d\u00edm v\u011bt\u0161\u00ed, t\u00edm v\u011bt\u0161\u00ed provoz.ObchodyPokud bydl\u00edte v\u00a0mal\u00e9 aglomeraci, s\u00a0obchody m\u016f\u017ee b\u00fdt probl\u00e9m. V\u00a0obci v\u011bt\u0161inou b\u00fdv\u00e1 jeden obchod, pokud tedy n\u011bjak\u00fd je. A ceny v\u011bt\u0161inou b\u00fdvaj\u00ed vy\u0161\u0161\u00ed ne\u017e ve v\u011bt\u0161\u00edch obchodech. Zat\u00edmco ve v\u011bt\u0161\u00edch m\u011bstech si m\u016f\u017eete vyb\u00edrat z\u00a0nep\u0159ebern\u00fdch palet obchod\u016f!Zam\u011bstn\u00e1n\u00edTen nejv\u011bt\u0161\u00ed k\u00e1men \u00farazu na vesnic\u00edch. P\u0159\u00edmo v\u00a0m\u00edst\u011b Va\u0161eho bydli\u0161t\u011b pr\u00e1ci pravd\u011bpodobn\u011b nese\u017eenete, z\u00a0velmi jednoduch\u00e9ho d\u016fvodu: Mal\u00e1 aglomerace, m\u00e1lo pracovn\u00edch p\u0159\u00edle\u017eitost\u00ed. Zat\u00edmco ve m\u011bstech si m\u016f\u017eete vyb\u00edrat. Tedy pokud nebydl\u00edte ve m\u011bst\u011b bojuj\u00edc\u00ed s\u00a0nedostatkem pracovn\u00edch p\u0159\u00edle\u017eitost\u00ed.Na z\u00e1v\u011brNa z\u00e1v\u011br se d\u00e1 \u0159\u00edct jedin\u00e9: Z\u00e1le\u017e\u00ed pouze na Va\u0161ich priorit\u00e1ch, na tom, co je jen a pouze pro V\u00e1s d\u016fle\u017eit\u00e9! Tak \u0161\u0165astnou ruku p\u0159i v\u00fdb\u011bru!                                                                                                                                                                                                                                                                                                                                                                                        4\/5 - (6 votes)        "},{"@context":"https:\/\/schema.org\/","@type":"BreadcrumbList","itemListElement":[{"@type":"ListItem","position":1,"name":"Po\u0159\u00eddit si byt (nebo d\u016fm) ve velk\u00e9 \u010di mal\u00e9 aglomeraci? P\u0159in\u00e1\u0161\u00edme V\u00e1m srovn\u00e1n\u00ed!","item":"https:\/\/www.fodas.cz\/poridit-si-byt-nebo-dum-ve-velke-ci-male-aglomeraci-prinasime-vam-srovnani\/#breadcrumbitem"}]}]