[{"@context":"https:\/\/schema.org\/","@type":"Article","@id":"https:\/\/www.fodas.cz\/mate-auto\/#Article","mainEntityOfPage":"https:\/\/www.fodas.cz\/mate-auto\/","headline":"M\u00e1te auto?","name":"M\u00e1te auto?","description":"V dne\u0161n\u00ed dob\u011b je automobil opravdu hodn\u011b d\u016fle\u017eit\u00fd. Tady alespo\u0148 tohle si mysl\u00edm j\u00e1, proto\u017ee je hodn\u011b lid\u00ed, kte\u0159\u00ed t\u0159eba automobil v\u016fbec nemaj\u00ed, ale moc by si ho p\u0159\u00e1li. A je potom velice smutn\u00e9, t\u0159eba kdy\u017e n\u011bkte\u0159\u00ed lid\u00e9 nemaj\u00ed automobil, ale cht\u011bli by ho t\u0159eba lid\u00e9 nemaj\u00ed ale \u0159idi\u010dsk\u00e9 opr\u00e1vn\u011bn\u00ed, aby si po\u0159\u00eddili automobil. To [&hellip;]","datePublished":"2024-03-01","dateModified":"2024-03-01","author":{"@type":"Person","@id":"https:\/\/www.fodas.cz\/author\/#Person","name":"","url":"https:\/\/www.fodas.cz\/author\/","identifier":1,"image":{"@type":"ImageObject","@id":"https:\/\/secure.gravatar.com\/avatar\/33549a3bd69022b5544ec751c6f690d75868252394a5ec007d9ed3f2c30f7874?s=96&d=mm&r=g","url":"https:\/\/secure.gravatar.com\/avatar\/33549a3bd69022b5544ec751c6f690d75868252394a5ec007d9ed3f2c30f7874?s=96&d=mm&r=g","height":96,"width":96}},"publisher":{"@type":"Organization","name":"fodas.cz","logo":{"@type":"ImageObject","@id":"\/logo.png","url":"\/logo.png","width":600,"height":60}},"image":{"@type":"ImageObject","@id":"https:\/\/www.fodas.cz\/wp-content\/uploads\/porsche-6607502_640.jpg","url":"https:\/\/www.fodas.cz\/wp-content\/uploads\/porsche-6607502_640.jpg","height":0,"width":0},"url":"https:\/\/www.fodas.cz\/mate-auto\/","about":["Auto moto"],"wordCount":465,"articleBody":"        V dne\u0161n\u00ed dob\u011b je automobil opravdu hodn\u011b d\u016fle\u017eit\u00fd. Tady alespo\u0148 tohle si mysl\u00edm j\u00e1, proto\u017ee je hodn\u011b lid\u00ed, kte\u0159\u00ed t\u0159eba automobil v\u016fbec nemaj\u00ed, ale moc by si ho p\u0159\u00e1li. A je potom velice smutn\u00e9, t\u0159eba kdy\u017e n\u011bkte\u0159\u00ed lid\u00e9 nemaj\u00ed automobil, ale cht\u011bli by ho t\u0159eba lid\u00e9 nemaj\u00ed ale \u0159idi\u010dsk\u00e9 opr\u00e1vn\u011bn\u00ed, aby si po\u0159\u00eddili automobil. To je potom smutn\u00e9. T\u0159eba n\u011bkdo si chce ud\u011blat \u0159idi\u010dsk\u00e9 opr\u00e1vn\u011bn\u00ed, ale nem\u00e1 na to pen\u00edze. Proto\u017ee v\u0161ichni v\u00edme, \u017ee dne\u0161n\u00ed \u0159idi\u010dsk\u00e9 opr\u00e1vn\u011bn\u00ed je velice drah\u00e9. A to je smutn\u00e9. Proto\u017ee jsem si \u0159ekla, \u017ee kdo chce m\u00edt \u0159idi\u010dsk\u00e9 opr\u00e1vn\u011bn\u00ed, \u017ee by si na to m\u011bl t\u0159eba i rok dop\u0159edu.  Nebo i v\u00edce t\u0159eba rok a p\u016fl. J\u00e1 jsem taky na \u0159idi\u010dsk\u00e9 opr\u00e1vn\u011bn\u00ed si \u0161et\u0159ila opravdu hodn\u011b. N\u011bkolik let, proto\u017ee nem\u00e1m tolik pen\u011bz, abych si mohla ukl\u00e1dat vy\u0161\u0161\u00ed \u010d\u00e1stku na to, abych si potom ud\u011blala \u0159idi\u010dsk\u00e9 opr\u00e1vn\u011bn\u00ed. J\u00e1 je\u0161t\u011b \u017eiv\u00edm dv\u011b d\u011bti a jsem matka samo\u017eivitelka. Nav\u00edc tak jsem si \u0159ekla, \u017ee ne\u017e si ud\u011bl\u00e1m \u0159idi\u010dsk\u00e9 opr\u00e1vn\u011bn\u00ed, \u017ee by tak\u00e9 bylo prima, kdybych u\u017e m\u011bla vybran\u00e9 n\u011bjak\u00e9 auto. Samoz\u0159ejm\u011b, \u017ee jenom n\u011bjak\u00e9 levn\u00e9 auto, nemohu si dovolit n\u011bjak\u00e9 luxusn\u00ed auto nebo velik\u00e9 auto. Tak\u00e9 budu doufat, \u017ee t\u0159eba jednoho dne si najdu partnera, kter\u00fd tak\u00e9 bude m\u00edt auto a \u0159idi\u010dsk\u00e9 opr\u00e1vn\u011bn\u00ed.  Abych neutr\u00e1cela tolik za benz\u00edn. Nemyslete si o m\u011b, \u017ee bych cht\u011bla partnera jenom kv\u016fli tomu, \u017ee m\u00e1 pen\u00edze nebo automobil a \u0159idi\u010dsk\u00e9 opr\u00e1vn\u011bn\u00ed. J\u00e1 bych cht\u011bla partnera, kter\u00fd je t\u0159eba finan\u010dn\u011b na tom jako jsem. J\u00e1 jsem na tom st\u0159edn\u011b, ale kdy\u017e \u017eiv\u00edm je\u0161t\u011b dal\u0161\u00ed hladov\u00e9 krky, tak je to potom opravdu velice smutn\u00e9 a finan\u010dn\u011b tak\u00e9 n\u00e1ro\u010dn\u00e9. Mysl\u00edm si, \u017ee kdy\u017e jsou potom dva lid\u00e9, tak potom tak\u00e9 u\u0161et\u0159\u00ed v\u00edce pen\u011bz. Budou se vlastn\u011b p\u016flit? Na chodu dom\u00e1cnosti se budou pod\u00edlet spolu. A t\u0159eba tak\u00e9 si potom po\u0159\u00edd\u00ed automobil spolu nap\u016fl. \u017de budou dva majitel\u00e9 tohoto automobilu. Takhle to m\u00e1 m\u016fj bratr se svou partnerkou a oba dva \u0159\u00edkaj\u00ed, \u017ee jsou opravdu maxim\u00e1ln\u011b spokojeni, \u017ee kdyby to takhle nem\u011bli, \u017ee by m\u011bl ka\u017ed\u00fd opravdu m\u00e1lo pen\u011bz, a to by necht\u011bli. Objevte v\u00fdhody plachtov\u00fdch p\u0159\u00edst\u0159e\u0161k\u016f pro va\u0161e auto na na\u0161em webu.                                                                                                                                                                                                                                                                                                                                                                                          4\/5 - (9 votes)        "},{"@context":"https:\/\/schema.org\/","@type":"BreadcrumbList","itemListElement":[{"@type":"ListItem","position":1,"name":"M\u00e1te auto?","item":"https:\/\/www.fodas.cz\/mate-auto\/#breadcrumbitem"}]}]