[{"@context":"https:\/\/schema.org\/","@type":"Article","@id":"https:\/\/www.fodas.cz\/jak-dnes-vypada-cestovani\/#Article","mainEntityOfPage":"https:\/\/www.fodas.cz\/jak-dnes-vypada-cestovani\/","headline":"Jak dnes vypad\u00e1 cestov\u00e1n\u00ed?","name":"Jak dnes vypad\u00e1 cestov\u00e1n\u00ed?","description":"Kdyby mi n\u011bkdo za let socialismu \u0159ekl, \u017ee pro m\u011b jednoho dne zcela otev\u0159ou z\u00e1padn\u00ed hranice, a nav\u00edc mi v\u011bt\u0161ina zem\u00ed zru\u0161\u00ed t\u0159eba i v\u00edzovou povinnost a sehnat libovoln\u00e9 konvertibiln\u00ed pen\u00edze bude ot\u00e1zkou p\u00e1r minut v\u00a0n\u011bkter\u00e9 ze sm\u011bn\u00e1ren, m\u011bl bych ho za bl\u00e1zna. Ale stalo se tak. A najednou jsem se u\u017e nemusel d\u00edvat jenom [&hellip;]","datePublished":"2022-03-22","dateModified":"2023-05-09","author":{"@type":"Person","@id":"https:\/\/www.fodas.cz\/author\/#Person","name":"","url":"https:\/\/www.fodas.cz\/author\/","identifier":1,"image":{"@type":"ImageObject","@id":"https:\/\/secure.gravatar.com\/avatar\/33549a3bd69022b5544ec751c6f690d75868252394a5ec007d9ed3f2c30f7874?s=96&d=mm&r=g","url":"https:\/\/secure.gravatar.com\/avatar\/33549a3bd69022b5544ec751c6f690d75868252394a5ec007d9ed3f2c30f7874?s=96&d=mm&r=g","height":96,"width":96}},"publisher":{"@type":"Organization","name":"fodas.cz","logo":{"@type":"ImageObject","@id":"\/logo.png","url":"\/logo.png","width":600,"height":60}},"image":{"@type":"ImageObject","@id":"https:\/\/www.fodas.cz\/wp-content\/uploads\/pohled%20na%20sv%C4%9Bt.jpg","url":"https:\/\/www.fodas.cz\/wp-content\/uploads\/pohled%20na%20sv%C4%9Bt.jpg","height":0,"width":0},"url":"https:\/\/www.fodas.cz\/jak-dnes-vypada-cestovani\/","about":["Cestov\u00e1n\u00ed"],"wordCount":417,"articleBody":"Kdyby mi n\u011bkdo za let socialismu \u0159ekl, \u017ee pro m\u011b jednoho dne zcela otev\u0159ou z\u00e1padn\u00ed hranice, a nav\u00edc mi v\u011bt\u0161ina zem\u00ed zru\u0161\u00ed t\u0159eba i v\u00edzovou povinnost a sehnat libovoln\u00e9 konvertibiln\u00ed pen\u00edze bude ot\u00e1zkou p\u00e1r minut v\u00a0n\u011bkter\u00e9 ze sm\u011bn\u00e1ren, m\u011bl bych ho za bl\u00e1zna.Ale stalo se tak. A najednou jsem se u\u017e nemusel d\u00edvat jenom z\u00a0\u010desk\u00e9 strany na rakousk\u00e9 \u010di z\u00e1padon\u011bmeck\u00e9 pohrani\u010dn\u00ed hory, najednou jsem mohl vyrazit i za tyto. A to i hodn\u011b daleko za tyto.Kdyby mi pak n\u011bkdo v\u00a0t\u00e9to dob\u011b trvaj\u00edc\u00ed hodn\u011b dlouhou \u0159adu let \u0159ekl, \u017ee p\u0159ijdou doby, kdy bude mo\u017enost vycestovat za tyto hranice zase spojen\u00e1 se spoustou za\u0159izov\u00e1n\u00ed, respektive tu budou op\u011bt i z\u00e1kazy cestov\u00e1n\u00ed, nev\u011b\u0159il bych mu. Takov\u00fd zvrat k\u00a0n\u011b\u010demu podobn\u00e9mu totalit\u011b se nezd\u00e1l b\u00fdt ani minim\u00e1ln\u011b pravd\u011bpodobn\u00fd. A p\u0159esto se tak stalo. A j\u00e1 jsem stejn\u011b jako mnoz\u00ed na\u0161inci nejednou nemohl nejen do zahrani\u010d\u00ed, ale t\u0159eba ani do sousedn\u00edho okresu. Toti\u017e pardon \u2013 kdy\u017e jsem tak pracoval nebo jel k\u00a0l\u00e9ka\u0159i, do sousedn\u00edho okresu jsem mohl. S\u00a0\u010destn\u00fdm prohl\u00e1\u0161en\u00edm a po prov\u011b\u0159en\u00ed jeho opodstatn\u011bnosti.Kdyby mi v\u00a0t\u00e9 dob\u011b n\u011bkdo \u0159ekl, \u017ee se to v\u00fdznamn\u011b zm\u011bn\u00ed, doufal bych v\u00a0to, \u017ee m\u00e1 pravdu, ale a\u017e tak moc bych mu nev\u011b\u0159il. Ale op\u011bt se tak stalo. A tak v\u00a0tuto chv\u00edli zase cestovat m\u016f\u017eeme. A to vesm\u011bs s\u00a0minimem omezen\u00ed.A v\u011b\u0159\u00edm, \u017ee to tentokr\u00e1t snad vydr\u017e\u00ed. A \u017ee mi bude sta\u010dit onen av\u00edzovan\u00fd PCR test k\u00a0tomu, abych se zase po t\u0159ech letech dostal do Ji\u017en\u00ed Afriky. Kam jsem nejd\u0159\u00edv nesm\u011bl, pak sm\u011bl, pak zase nesm\u011bl a te\u010f sm\u00edm, jakkoliv mi to minister\u0161t\u00ed p\u00e1ni rozmlouvaj\u00ed.V\u011b\u0159\u00edm, \u017ee letos u\u017e se do\u010dk\u00e1m. V\u011b\u0159\u00edm, \u017ee zase nikdo neoto\u010d\u00ed kormidlo d\u011bjin zp\u011bt a nebude shled\u00e1no, \u017ee je n\u011bkde jak\u00e1si mutace, a tak m\u011b zav\u0159ou doma.Proto\u017ee to by v\u00e1\u017en\u011b nebylo norm\u00e1ln\u00ed. Aby r\u016fzn\u00ed ute\u010denci korzovali svobodn\u011b Evropou a j\u00e1 zase musel sed\u011bt doma. Proto\u017ee nen\u00ed cestov\u00e1n\u00ed za z\u00e1bavou pro \u017eivot nezbytn\u00e9, a tak ho lze lidem zak\u00e1zat.                                                                                                                                                                                                                                                                                                                                                                                        4.7\/5 - (7 votes)        "},{"@context":"https:\/\/schema.org\/","@type":"BreadcrumbList","itemListElement":[{"@type":"ListItem","position":1,"name":"Jak dnes vypad\u00e1 cestov\u00e1n\u00ed?","item":"https:\/\/www.fodas.cz\/jak-dnes-vypada-cestovani\/#breadcrumbitem"}]}]