[{"@context":"https:\/\/schema.org\/","@type":"Article","@id":"https:\/\/www.fodas.cz\/co-by-vam-stehovaci-poradili\/#Article","mainEntityOfPage":"https:\/\/www.fodas.cz\/co-by-vam-stehovaci-poradili\/","headline":"Co by v\u00e1m st\u011bhov\u00e1ci poradili","name":"Co by v\u00e1m st\u011bhov\u00e1ci poradili","description":"Nezapome\u0148te na parkovac\u00ed m\u00edsto \u2013 st\u011bhovac\u00ed slu\u017eby v Praze nemohou zd\u00e1rn\u011b prob\u011bhnout, pokud nebudete m\u00edt zaji\u0161t\u011bn\u00e9 parkov\u00e1n\u00ed. Budete pot\u0159ebovat s velkou pravd\u011bpodobnost\u00ed mimo\u0159\u00e1dn\u00e9 povolen\u00ed pro parkov\u00e1n\u00ed v den st\u011bhov\u00e1n\u00ed, a to v\u00e1m zajist\u00ed odbor dopravy na p\u0159\u00edslu\u0161n\u00e9m spr\u00e1vn\u00edm obvodu. \u017d\u00e1dost pod\u00e1vejte alespo\u0148 30 dn\u016f p\u0159ed st\u011bhov\u00e1n\u00edm, co\u017e je ofici\u00e1ln\u00ed lh\u016fta pro jej\u00ed vy\u0159\u00edzen\u00ed. Spolehn\u011bte se [&hellip;]","datePublished":"2022-12-26","dateModified":"2023-05-09","author":{"@type":"Person","@id":"https:\/\/www.fodas.cz\/author\/#Person","name":"","url":"https:\/\/www.fodas.cz\/author\/","identifier":1,"image":{"@type":"ImageObject","@id":"https:\/\/secure.gravatar.com\/avatar\/33549a3bd69022b5544ec751c6f690d75868252394a5ec007d9ed3f2c30f7874?s=96&d=mm&r=g","url":"https:\/\/secure.gravatar.com\/avatar\/33549a3bd69022b5544ec751c6f690d75868252394a5ec007d9ed3f2c30f7874?s=96&d=mm&r=g","height":96,"width":96}},"publisher":{"@type":"Organization","name":"fodas.cz","logo":{"@type":"ImageObject","@id":"\/logo.png","url":"\/logo.png","width":600,"height":60}},"image":{"@type":"ImageObject","@id":"https:\/\/www.fodas.cz\/wp-content\/uploads\/cardboard-g83ed66514_640_1.jpg","url":"https:\/\/www.fodas.cz\/wp-content\/uploads\/cardboard-g83ed66514_640_1.jpg","height":0,"width":0},"url":"https:\/\/www.fodas.cz\/co-by-vam-stehovaci-poradili\/","about":["Slu\u017eby"],"wordCount":402,"articleBody":"   Nezapome\u0148te na parkovac\u00ed m\u00edsto \u2013 st\u011bhovac\u00ed slu\u017eby v Praze nemohou zd\u00e1rn\u011b prob\u011bhnout, pokud nebudete m\u00edt zaji\u0161t\u011bn\u00e9 parkov\u00e1n\u00ed. Budete pot\u0159ebovat s velkou pravd\u011bpodobnost\u00ed mimo\u0159\u00e1dn\u00e9 povolen\u00ed pro parkov\u00e1n\u00ed v den st\u011bhov\u00e1n\u00ed, a to v\u00e1m zajist\u00ed odbor dopravy na p\u0159\u00edslu\u0161n\u00e9m spr\u00e1vn\u00edm obvodu. \u017d\u00e1dost pod\u00e1vejte alespo\u0148 30 dn\u016f p\u0159ed st\u011bhov\u00e1n\u00edm, co\u017e je ofici\u00e1ln\u00ed lh\u016fta pro jej\u00ed vy\u0159\u00edzen\u00ed.Spolehn\u011bte se na bublinkovou f\u00f3lii \u2013 pokud \u017e\u00e1d\u00e1te st\u011bhovac\u00ed firmu o zap\u016fj\u010den\u00ed kartonov\u00fdch krabic, zeptejte se, zda by v\u00e1m nezajistili i bublinkovou f\u00f3lii. Je to ten nejlep\u0161\u00ed balic\u00ed a v\u00fdpl\u0148ov\u00fd materi\u00e1l, jak\u00fd existuje. Zabal\u00edte do n\u011bj v podstat\u011b v\u0161echno, od hra\u010dek p\u0159es kancel\u00e1\u0159sk\u00e9 pot\u0159eby a\u017e po sklo a porcel\u00e1n.Jak s n\u00e1bytkem \u2013 n\u00e1bytek, kter\u00fd je pot\u0159eba rozebrat, v\u00e1m mohou demontovat st\u011bhov\u00e1ci, a na nov\u00e9m m\u00edst\u011b jej mohou znovu smontovat a usadit na m\u00edsto. Mohou z\u00e1rove\u0148 odpojit spot\u0159ebi\u010de a sv\u00edtidla, p\u0159ipevnit zrcadla a poli\u010dky, garn\u00fd\u017ee i \u017ealuzie.V\u0161echno si zapisujte \u2013 p\u0159ed zapo\u010det\u00edm p\u0159\u00edpravn\u00fdch prac\u00ed si ve\u0161ker\u00e9 \u00fakony nejprve poznamenejte do pozn\u00e1mkov\u00e9ho bloku a zejm\u00e9na ty administrativn\u00ed. Bude zapot\u0159eb\u00ed zajistit nov\u00e9 doklady, n\u00e1jemn\u00ed smlouvu a p\u0159epis energi\u00ed. Mus\u00edte nahl\u00e1sit na mnoh\u00e9 instituce zm\u011bnu koresponden\u010dn\u00ed adresy a mo\u017en\u00e1 budete \u0159e\u0161it i nov\u00e9ho zam\u011bstnavatele \u010di \u0161koln\u00ed instituci.Balen\u00ed potravin \u2013 pr\u016fb\u011b\u017en\u011b vyj\u00eddejte potraviny z mraz\u00e1ku a chladni\u010dky a tu m\u011bjte vyklizenou, odmra\u017eenou, vy\u010di\u0161t\u011bnou, vysu\u0161enou a sbalenou ji\u017e den p\u0159ed st\u011bhov\u00e1n\u00edm. Nezapom\u00ednejte si tak\u00e9 na st\u011bhovac\u00ed den nachystat dostatek n\u00e1poj\u016f a ob\u010derstven\u00ed, nespol\u00e9hejte se rad\u011bji na j\u00eddlo u \u010derpac\u00edch stanic nebo v restauraci, nebudete na to m\u00edt mo\u017en\u00e1 v\u016fbec \u010das.\u00daklid \u2013 sou\u010d\u00e1st\u00ed dobr\u00fdch mrav\u016f je \u00faklid, a to jak m\u00edsta, odkud se st\u011bhujete, tak i na nov\u00e9m p\u016fsobi\u0161ti. Zap\u00ed\u0161ete se tak v lep\u0161\u00edm sv\u011btle v\u0161em lidem \u2013 t\u011bm, kter\u00e9 opou\u0161t\u00edte i t\u011bm, co budou va\u0161imi nov\u00fdmi sousedy.                                                                                                                                                                                                                                                                                                                                                                                          4.2\/5 - (11 votes)        "},{"@context":"https:\/\/schema.org\/","@type":"BreadcrumbList","itemListElement":[{"@type":"ListItem","position":1,"name":"Co by v\u00e1m st\u011bhov\u00e1ci poradili","item":"https:\/\/www.fodas.cz\/co-by-vam-stehovaci-poradili\/#breadcrumbitem"}]}]